{"id":172,"date":"2010-07-19T22:03:38","date_gmt":"2010-07-19T20:03:38","guid":{"rendered":"http:\/\/frokenparaiso.se\/?p=172"},"modified":"2010-07-19T22:13:50","modified_gmt":"2010-07-19T20:13:50","slug":"akryl-och-underkroppar","status":"publish","type":"post","link":"https:\/\/frokenparaiso.se\/?p=172","title":{"rendered":"Akryl och underkroppar&#8230;"},"content":{"rendered":"<p>Jag provade allts\u00e5 f\u00f6r n\u00e5gon vecka sedan att kludda med akryl. F\u00f6r f\u00f6rsta g\u00e5ngen i mitt liv. Det var skitskoj! Jag kan ju vare sig m\u00e5la eller rita \u201dp\u00e5 riktigt\u201d. \u00c5 andra sidan gillar jag inte att g\u00f6ra saker p\u00e5 riktigt utan f\u00f6redrar mitt eget s\u00e4tt. Alla dessa h\u00e4mmande regler om hur konstn\u00e4rliga saker skall vara f\u00f6r att vara just konstn\u00e4rliga. Ur ett professionellt perspektiv allts\u00e5. Jag \u00e4r inget proffs, och om det jag kan lyckats \u00e5stadkomma inte tillh\u00f6r vare explosionism, modeism eller idiotism s\u00e5 tar jag faktiskt det som en komplimang. Jag vill inte m\u00e5la som Picasso, jag m\u00e5lar som Para\u00efso. H\u00e4pp!<\/p>\n<p>Jag \u00e4lskar att m\u00e5la underkroppar \u2013 kvinnliga s\u00e5dana. Skrev, l\u00e5r och rumpor \u00e4r s\u00e5 sensuellt, trots att det \u00e4r anatomin \u2013 musklerna och deras f\u00e4sten \u2013 jag ser framf\u00f6r mig n\u00e4r jag m\u00e5lar.\u00a0 Men, jag kan inte m\u00e5la f\u00f6tter. Jag t\u00e4nker inte heller l\u00e4ra mig m\u00e5la f\u00f6tter s\u00e5 i st\u00e4llet g\u00f6r jag simf\u00f6tterliknande saker. Eller fotl\u00f6st. Ansikten \u00e4r inte heller min grej eftersom det k\u00e4nns som att kropp med ansikte pl\u00f6tsligt blir mer personligt.<\/p>\n<p>Att framst\u00e4lla kvinnokroppen som ett opersonligt, huvudl\u00f6st objekt utan f\u00f6tterna p\u00e5 jorden kan s\u00e4kert tolkas p\u00e5 flera s\u00e4tt. Ett psykologbes\u00f6k med motiven under armen kan s\u00e4kert bli b\u00e5de dyrt och l\u00e5ngvarigt. Men nu \u00e4r det s\u00e5 att jag m\u00e5lar s\u00e5 h\u00e4r f\u00f6r att jag gillar det och f\u00f6r att det g\u00f6r mig glad. Att m\u00e5la en kvinnas underkropp \u00e4r helt enkelt mycket mer tilltalande \u00e4n att m\u00e5la en mans.<\/p>\n<p>Nu n\u00e4r jag sitter h\u00e4r och skriver s\u00e5 ser jag pl\u00f6tsligt framf\u00f6r mig hur det skulle se ut om jag skulle f\u00f6rs\u00f6ka mig p\u00e5 att rita av en kuk (eller penis, om du \u00e4r k\u00e4nslig nyss n\u00e4mnt ord). Efter en stund skulle jag nog sitta d\u00e4r med whiskyn i ena handen och pennan och en bit toapapper i den andra. Jag skulle antagligen inte f\u00e5 till det alls och anar att det skulle bli ganska lustigt. Eftersom jag \u00e4r beg\u00e5vad med en stor portion sj\u00e4lvironi och humor skulle jag antagligen skratta s\u00e5 t\u00e5rarna skulle rinna. Sorry killar \u2013 men ni ligger i l\u00e4 d\u00e4r, rent estetiskt allts\u00e5. Men, jag skall testa en dag ty ett gott skratt f\u00f6rl\u00e4nger ju livet. Jag tror dock inte jag kan g\u00f6ra det fritt ur huvudet s\u00e5 det blir till att leta upp en bild n\u00e5gonstans&#8230;<\/p>\n<p>H\u00e4r kommer i alla fall lite smakprov:<\/p>\n<div id='gallery-1' class='gallery galleryid-172 gallery-columns-3 gallery-size-thumbnail'><figure class='gallery-item'>\n\t\t\t<div class='gallery-icon landscape'>\n\t\t\t\t<a href='https:\/\/frokenparaiso.se\/?attachment_id=173'><img loading=\"lazy\" decoding=\"async\" width=\"150\" height=\"150\" src=\"https:\/\/frokenparaiso.se\/wp-content\/uploads\/2010\/07\/100720_1-150x150.jpg\" class=\"attachment-thumbnail size-thumbnail\" alt=\"\" aria-describedby=\"gallery-1-173\" srcset=\"https:\/\/frokenparaiso.se\/wp-content\/uploads\/2010\/07\/100720_1-150x150.jpg 150w, https:\/\/frokenparaiso.se\/wp-content\/uploads\/2010\/07\/100720_1-324x324.jpg 324w, https:\/\/frokenparaiso.se\/wp-content\/uploads\/2010\/07\/100720_1-100x100.jpg 100w\" sizes=\"auto, (max-width: 150px) 100vw, 150px\" \/><\/a>\n\t\t\t<\/div>\n\t\t\t\t<figcaption class='wp-caption-text gallery-caption' id='gallery-1-173'>\n\t\t\t\t\u201dAllting har en b\u00f6rjan &#8211; och ett slut\u201d\n\t\t\t\t<\/figcaption><\/figure><figure class='gallery-item'>\n\t\t\t<div class='gallery-icon portrait'>\n\t\t\t\t<a href='https:\/\/frokenparaiso.se\/?attachment_id=174'><img loading=\"lazy\" decoding=\"async\" width=\"150\" height=\"150\" src=\"https:\/\/frokenparaiso.se\/wp-content\/uploads\/2010\/07\/100720_2-150x150.jpg\" class=\"attachment-thumbnail size-thumbnail\" alt=\"\" aria-describedby=\"gallery-1-174\" srcset=\"https:\/\/frokenparaiso.se\/wp-content\/uploads\/2010\/07\/100720_2-150x150.jpg 150w, https:\/\/frokenparaiso.se\/wp-content\/uploads\/2010\/07\/100720_2-324x324.jpg 324w, https:\/\/frokenparaiso.se\/wp-content\/uploads\/2010\/07\/100720_2-100x100.jpg 100w\" sizes=\"auto, (max-width: 150px) 100vw, 150px\" \/><\/a>\n\t\t\t<\/div>\n\t\t\t\t<figcaption class='wp-caption-text gallery-caption' id='gallery-1-174'>\n\t\t\t\t\u00c4nnu namnl\u00f6s\n\t\t\t\t<\/figcaption><\/figure><figure class='gallery-item'>\n\t\t\t<div class='gallery-icon landscape'>\n\t\t\t\t<a href='https:\/\/frokenparaiso.se\/?attachment_id=175'><img loading=\"lazy\" decoding=\"async\" width=\"150\" height=\"150\" src=\"https:\/\/frokenparaiso.se\/wp-content\/uploads\/2010\/07\/100720_3-150x150.jpg\" class=\"attachment-thumbnail size-thumbnail\" alt=\"\" aria-describedby=\"gallery-1-175\" srcset=\"https:\/\/frokenparaiso.se\/wp-content\/uploads\/2010\/07\/100720_3-150x150.jpg 150w, https:\/\/frokenparaiso.se\/wp-content\/uploads\/2010\/07\/100720_3-324x324.jpg 324w, https:\/\/frokenparaiso.se\/wp-content\/uploads\/2010\/07\/100720_3-100x100.jpg 100w\" sizes=\"auto, (max-width: 150px) 100vw, 150px\" \/><\/a>\n\t\t\t<\/div>\n\t\t\t\t<figcaption class='wp-caption-text gallery-caption' id='gallery-1-175'>\n\t\t\t\tUr serien: \u201dIn the middle\u201d\n\t\t\t\t<\/figcaption><\/figure>\n\t\t<\/div>\n\n<p>Med hopp om forts\u00e4ttning!<br \/>\nFr\u00f6ken Para\u00efso<\/p>\n","protected":false},"excerpt":{"rendered":"<p>Jag provade allts\u00e5 f\u00f6r n\u00e5gon vecka sedan att kludda med akryl. F\u00f6r f\u00f6rsta g\u00e5ngen i mitt liv. Det var skitskoj! Jag kan ju vare sig m\u00e5la eller rita \u201dp\u00e5 riktigt\u201d. \u00c5 andra sidan gillar jag inte att g\u00f6ra saker p\u00e5 riktigt utan f\u00f6redrar mitt eget s\u00e4tt. Alla dessa h\u00e4mmande regler om hur konstn\u00e4rliga saker skall [&hellip;]<\/p>\n","protected":false},"author":1,"featured_media":0,"comment_status":"open","ping_status":"open","sticky":false,"template":"","format":"standard","meta":{"ngg_post_thumbnail":0,"footnotes":""},"categories":[38],"tags":[46,47,48],"class_list":["post-172","post","type-post","status-publish","format-standard","hentry","category-froken-p","tag-akryl","tag-akvarell","tag-alster"],"_links":{"self":[{"href":"https:\/\/frokenparaiso.se\/index.php?rest_route=\/wp\/v2\/posts\/172","targetHints":{"allow":["GET"]}}],"collection":[{"href":"https:\/\/frokenparaiso.se\/index.php?rest_route=\/wp\/v2\/posts"}],"about":[{"href":"https:\/\/frokenparaiso.se\/index.php?rest_route=\/wp\/v2\/types\/post"}],"author":[{"embeddable":true,"href":"https:\/\/frokenparaiso.se\/index.php?rest_route=\/wp\/v2\/users\/1"}],"replies":[{"embeddable":true,"href":"https:\/\/frokenparaiso.se\/index.php?rest_route=%2Fwp%2Fv2%2Fcomments&post=172"}],"version-history":[{"count":6,"href":"https:\/\/frokenparaiso.se\/index.php?rest_route=\/wp\/v2\/posts\/172\/revisions"}],"predecessor-version":[{"id":181,"href":"https:\/\/frokenparaiso.se\/index.php?rest_route=\/wp\/v2\/posts\/172\/revisions\/181"}],"wp:attachment":[{"href":"https:\/\/frokenparaiso.se\/index.php?rest_route=%2Fwp%2Fv2%2Fmedia&parent=172"}],"wp:term":[{"taxonomy":"category","embeddable":true,"href":"https:\/\/frokenparaiso.se\/index.php?rest_route=%2Fwp%2Fv2%2Fcategories&post=172"},{"taxonomy":"post_tag","embeddable":true,"href":"https:\/\/frokenparaiso.se\/index.php?rest_route=%2Fwp%2Fv2%2Ftags&post=172"}],"curies":[{"name":"wp","href":"https:\/\/api.w.org\/{rel}","templated":true}]}}