{"id":182,"date":"2010-07-23T12:20:54","date_gmt":"2010-07-23T10:20:54","guid":{"rendered":"http:\/\/frokenparaiso.se\/?p=182"},"modified":"2024-10-07T15:42:35","modified_gmt":"2024-10-07T14:42:35","slug":"dan-viktor-pa-tv4","status":"publish","type":"post","link":"https:\/\/frokenparaiso.se\/?p=182","title":{"rendered":"Dan Viktor p\u00e5 TV4"},"content":{"rendered":"<p><a href=\"https:\/\/frokenparaiso.se\/wp-content\/uploads\/2010\/07\/100723_dv.jpg\" rel=\"lightbox[182]\"><img loading=\"lazy\" decoding=\"async\" class=\"alignleft wp-image-185 size-full\" title=\"TV4 Nyhetsmorgon\" src=\"https:\/\/frokenparaiso.se\/wp-content\/uploads\/2010\/07\/100723_dv.jpg\" alt=\"\" width=\"202\" height=\"208\"><\/a>Jag gjorde ju nya DV-tygkassar precis innan vi \u00e5kte iv\u00e4g p\u00e5 denna turn\u00e9omg\u00e5ng. Jag lovar att jag skall pl\u00e5ta dem p\u00e5 festivalen i kv\u00e4ll och l\u00e4gga upp en bild. Vem bryr sig, t\u00e4nker kanske du?<\/p>\n<p>Men, jag t\u00e4nkte \u00e4ven l\u00e4gga en l\u00e4nk till det eminenta f\u00f6retaget som s\u00e4ljer kassarna, f\u00f6r de verkar vara av betydligt b\u00e4ttre kvalitet \u00e4n skitkassarna jag k\u00f6pte p\u00e5 CCHobby. De sprack n\u00e4mligen efter en kort tids anv\u00e4ndning. M\u00e5h\u00e4nda skall man inte anv\u00e4nda dem f\u00f6r transport av hela datorparken med tillh\u00f6rande kablage, men \u00e4nd\u00e5. Dessutom har jag k\u00f6pt andra varor d\u00e4r som \u00e4r av samma pissiga kvalitet och g\u00e5r s\u00f6nder utan att man ens har hunnit anv\u00e4nda dem. De nya verkar b\u00e4ttre och jag har faktiskt sett samma sort anv\u00e4ndas flitigt och fortfarande vara i gott skick.<\/p>\n<p>Jag hade en plan med tygkassen. F\u00f6rst p\u00e5 agendan stod n\u00e4mligen medverkan i TV4 Nyhetsmorgon. Bortsett fr\u00e5n den tidiga timmen denna medverkan tarvar tillf\u00f6r min n\u00e4rvaro knappast n\u00e5got meningsfullt. Att s\u00e4tta upp ett skivbord bredvid scenen l\u00e4r ju knappast vara till n\u00e5gon nytta. Vara chauff\u00f6r beh\u00f6vde sinte heller eftersom n\u00e4mnd kanal skickar taxi. D\u00e5 kom jag p\u00e5 att jag kanske skulle kunna marknadsf\u00f6ra v\u00e5ra produkter s\u00e5 d\u00e4r lite i periferin! Tanken var att \u00e5la omkring p\u00e5 studiogolvet endast if\u00f6rd dv-shirt och en nygjord tygkasse \u00f6ver huvudet. D\u00e4r emellan skulle jag smyga mig in i bild med senaste plattan v\u00e4l synlig. Men nej, timmen var f\u00f6r tidig \u2013 \u00e4ven f\u00f6r mig.<\/p>\n<p>Som den f\u00f6rr\u00e4dare jag \u00e4r tittade jag inte ens p\u00e5 programmet, i st\u00e4llet nyttjade jag TV4play. Om du inte heller s\u00e5g det kan jag rekommendera dig att klicka p\u00e5 l\u00e4karna nedan ty Dan, Petter, Annelie, Hjalmar och Fredde gjorde ett ypperligt framtr\u00e4dande.<\/p>\n<p><a title=\"DV Intervju \u2013 TV4 Nyhetsmorgon\" href=\"http:\/\/www.tv4play.se\/aktualitet\/nyhetsmorgon?videoId=1.1720984\" target=\"_blank\" rel=\"noopener\">Intervjun &#8211; inkl. specialskriven TV4-\u201dnyhetsl\u00e5t\u201d<\/a><\/p>\n<p><a title=\"Hj\u00e4rtat \u00e4r en djuphavsfisk \u2013 TV4 Nyhetsmorgon\" href=\"http:\/\/www.tv4play.se\/aktualitet\/nyhetsmorgon?videoId=1.1721031\" target=\"_blank\" rel=\"noopener\">Hj\u00e4rtat \u00e4r en djuphavsfisk<\/a><\/p>\n<p><a title=\"Glad \u2013 TV4 Nyhetsmorgon\" href=\"http:\/\/www.tv4play.se\/aktualitet\/nyhetsmorgon?videoId=1.1720983\" target=\"_blank\" rel=\"noopener\">Glad<\/a><\/p>\n<p>P\u00e5 snart \u00e5terh\u00f6rande!<br \/>\nFr\u00f6ken P<\/p>\n","protected":false},"excerpt":{"rendered":"<p>Jag gjorde ju nya DV-tygkassar precis innan vi \u00e5kte iv\u00e4g p\u00e5 denna turn\u00e9omg\u00e5ng. Jag lovar att jag skall pl\u00e5ta dem p\u00e5 festivalen i kv\u00e4ll och l\u00e4gga upp en bild. Vem bryr sig, t\u00e4nker kanske du? Men, jag t\u00e4nkte \u00e4ven l\u00e4gga en l\u00e4nk till det eminenta f\u00f6retaget som s\u00e4ljer kassarna, f\u00f6r de verkar vara av betydligt [&hellip;]<\/p>\n","protected":false},"author":1,"featured_media":0,"comment_status":"open","ping_status":"open","sticky":false,"template":"","format":"standard","meta":{"ngg_post_thumbnail":0,"footnotes":""},"categories":[38],"tags":[22,50,43],"class_list":["post-182","post","type-post","status-publish","format-standard","hentry","category-froken-p","tag-dan-viktor","tag-tv4","tag-tygkasse"],"_links":{"self":[{"href":"https:\/\/frokenparaiso.se\/index.php?rest_route=\/wp\/v2\/posts\/182","targetHints":{"allow":["GET"]}}],"collection":[{"href":"https:\/\/frokenparaiso.se\/index.php?rest_route=\/wp\/v2\/posts"}],"about":[{"href":"https:\/\/frokenparaiso.se\/index.php?rest_route=\/wp\/v2\/types\/post"}],"author":[{"embeddable":true,"href":"https:\/\/frokenparaiso.se\/index.php?rest_route=\/wp\/v2\/users\/1"}],"replies":[{"embeddable":true,"href":"https:\/\/frokenparaiso.se\/index.php?rest_route=%2Fwp%2Fv2%2Fcomments&post=182"}],"version-history":[{"count":6,"href":"https:\/\/frokenparaiso.se\/index.php?rest_route=\/wp\/v2\/posts\/182\/revisions"}],"predecessor-version":[{"id":2287,"href":"https:\/\/frokenparaiso.se\/index.php?rest_route=\/wp\/v2\/posts\/182\/revisions\/2287"}],"wp:attachment":[{"href":"https:\/\/frokenparaiso.se\/index.php?rest_route=%2Fwp%2Fv2%2Fmedia&parent=182"}],"wp:term":[{"taxonomy":"category","embeddable":true,"href":"https:\/\/frokenparaiso.se\/index.php?rest_route=%2Fwp%2Fv2%2Fcategories&post=182"},{"taxonomy":"post_tag","embeddable":true,"href":"https:\/\/frokenparaiso.se\/index.php?rest_route=%2Fwp%2Fv2%2Ftags&post=182"}],"curies":[{"name":"wp","href":"https:\/\/api.w.org\/{rel}","templated":true}]}}