{"id":2052,"date":"2018-11-18T03:57:59","date_gmt":"2018-11-18T02:57:59","guid":{"rendered":"http:\/\/frokenparaiso.se\/?p=2052"},"modified":"2018-11-18T03:58:43","modified_gmt":"2018-11-18T02:58:43","slug":"gastutstallare-hntverksmagasinet-i-amal","status":"publish","type":"post","link":"https:\/\/frokenparaiso.se\/?p=2052","title":{"rendered":"G\u00e4stutst\u00e4llare Hantverksmagasinet i \u00c5m\u00e5l"},"content":{"rendered":"<p style=\"text-align: center;\">Redan innan jag blev permanent utst\u00e4llare p\u00e5 <a href=\"http:\/\/hantverksmagasinet.eu\">Hantverksmagasinet i \u00c5m\u00e5l<\/a>, hade jag satt upp mig som g\u00e4stutst\u00e4llare. S\u00e5ledes blir jag g\u00e4stutst\u00e4llare i \u201deget hus\u201d.<\/p>\n<p>Varmt v\u00e4lkommen!<\/p>\n<p><a href=\"http:\/\/media.frokenparaiso.se\/2018\/11\/Ska\u0308rmavbild-2018-11-05-kl.-13.34.46.png\" rel=\"lightbox[2052]\"><img loading=\"lazy\" decoding=\"async\" class=\"aligncenter wp-image-2053 size-full\" src=\"http:\/\/media.frokenparaiso.se\/2018\/11\/Ska\u0308rmavbild-2018-11-05-kl.-13.34.46.png\" alt=\"\" width=\"531\" height=\"749\" srcset=\"https:\/\/frokenparaiso.se\/wp-content\/uploads\/2018\/11\/Ska\u0308rmavbild-2018-11-05-kl.-13.34.46.png 531w, https:\/\/frokenparaiso.se\/wp-content\/uploads\/2018\/11\/Ska\u0308rmavbild-2018-11-05-kl.-13.34.46-416x587.png 416w, https:\/\/frokenparaiso.se\/wp-content\/uploads\/2018\/11\/Ska\u0308rmavbild-2018-11-05-kl.-13.34.46-213x300.png 213w\" sizes=\"auto, (max-width: 531px) 100vw, 531px\" \/><\/a><\/p>\n","protected":false},"excerpt":{"rendered":"<p>Redan innan jag blev permanent utst\u00e4llare p\u00e5 Hantverksmagasinet i \u00c5m\u00e5l, hade jag satt upp mig som g\u00e4stutst\u00e4llare. S\u00e5ledes blir jag g\u00e4stutst\u00e4llare i \u201deget hus\u201d. Varmt v\u00e4lkommen!<\/p>\n","protected":false},"author":1,"featured_media":0,"comment_status":"open","ping_status":"open","sticky":false,"template":"","format":"standard","meta":{"ngg_post_thumbnail":0,"footnotes":""},"categories":[38,220],"tags":[237,236,239,238,222,240],"class_list":["post-2052","post","type-post","status-publish","format-standard","hentry","category-froken-p","category-massorutstallningar","tag-amal","tag-hantverksmagasinet-i-amal","tag-ull-aterbruk","tag-utstallare","tag-utstallning","tag-vernissage"],"_links":{"self":[{"href":"https:\/\/frokenparaiso.se\/index.php?rest_route=\/wp\/v2\/posts\/2052","targetHints":{"allow":["GET"]}}],"collection":[{"href":"https:\/\/frokenparaiso.se\/index.php?rest_route=\/wp\/v2\/posts"}],"about":[{"href":"https:\/\/frokenparaiso.se\/index.php?rest_route=\/wp\/v2\/types\/post"}],"author":[{"embeddable":true,"href":"https:\/\/frokenparaiso.se\/index.php?rest_route=\/wp\/v2\/users\/1"}],"replies":[{"embeddable":true,"href":"https:\/\/frokenparaiso.se\/index.php?rest_route=%2Fwp%2Fv2%2Fcomments&post=2052"}],"version-history":[{"count":2,"href":"https:\/\/frokenparaiso.se\/index.php?rest_route=\/wp\/v2\/posts\/2052\/revisions"}],"predecessor-version":[{"id":2055,"href":"https:\/\/frokenparaiso.se\/index.php?rest_route=\/wp\/v2\/posts\/2052\/revisions\/2055"}],"wp:attachment":[{"href":"https:\/\/frokenparaiso.se\/index.php?rest_route=%2Fwp%2Fv2%2Fmedia&parent=2052"}],"wp:term":[{"taxonomy":"category","embeddable":true,"href":"https:\/\/frokenparaiso.se\/index.php?rest_route=%2Fwp%2Fv2%2Fcategories&post=2052"},{"taxonomy":"post_tag","embeddable":true,"href":"https:\/\/frokenparaiso.se\/index.php?rest_route=%2Fwp%2Fv2%2Ftags&post=2052"}],"curies":[{"name":"wp","href":"https:\/\/api.w.org\/{rel}","templated":true}]}}