{"id":27,"date":"2010-02-06T17:42:00","date_gmt":"2010-02-06T15:42:00","guid":{"rendered":"http:\/\/frokenparaiso.se\/?p=27"},"modified":"2010-06-30T08:48:14","modified_gmt":"2010-06-30T06:48:14","slug":"nytt-ar-nya-stamplar","status":"publish","type":"post","link":"https:\/\/frokenparaiso.se\/?p=27","title":{"rendered":"Nytt \u00e5r \u2013 nya st\u00e4mplar!"},"content":{"rendered":"<p><span class=\"Apple-style-span\"  style=\"font-family:georgia;\"><span class=\"Apple-style-span\" style=\"font-size: small;\">Jomen, d\u00e5 \u00e4r vi p\u00e5 v\u00e4g.<\/span><\/span><\/p>\n<div><span class=\"Apple-style-span\"  style=\"font-family:georgia;\"><span class=\"Apple-style-span\" style=\"font-size: small;\"><br \/><\/span><\/span><\/div>\n<div><span class=\"Apple-style-span\"  style=\"font-family:georgia;\"><span class=\"Apple-style-span\" style=\"font-size: small;\">Som ni s\u00e4kert vet firar October Stamps 10 \u00e5r i \u00e5r. Mycket har h\u00e4nt under \u00e5ren och tankarna p\u00e5 att l\u00e4gga av har ju florerat b\u00e5de en och tv\u00e5 g\u00e5nger. Men det k\u00e4nns sv\u00e5rt att l\u00e4gga av. S\u00e5 vi best\u00e4mde ju oss att satsa p\u00e5 det vi alltid tyckt mycket om, n\u00e4mligen collagest\u00e4mplar.<\/span><\/span><\/div>\n<div><span class=\"Apple-style-span\"  style=\"font-family:georgia;\"><span class=\"Apple-style-span\" style=\"font-size: small;\"><br \/><\/span><\/span><\/div>\n<div><span class=\"Apple-style-span\"  style=\"font-family:georgia;\"><span class=\"Apple-style-span\" style=\"font-size: small;\">Rean, eller snarare utf\u00f6rs\u00e4ljningen, av de \u201dgamla\u201d motiven forts\u00e4tter med dunder och brak och har du \u00e4nnu inte k\u00f6pt in alla dina favoritmotiv s\u00e5 har du fortfarande chansen. Om de finns kvar vill s\u00e4ga. Billigare \u00e4n s\u00e5 h\u00e4r kan de n\u00e4stan inte bli. Attans vad jag har packat!<\/span><\/span><\/div>\n<div><span class=\"Apple-style-span\"  style=\"font-family:georgia;\"><span class=\"Apple-style-span\" style=\"font-size: small;\"><br \/><\/span><\/span><\/div>\n<div><span class=\"Apple-style-span\"  style=\"font-family:georgia;\"><span class=\"Apple-style-span\" style=\"font-size: small;\">Men jag har \u00e4nd\u00e5 inte stressat ihj\u00e4l mig, trots att jag f\u00f6r f\u00f6rsta g\u00e5ngen flera dagar i str\u00e4ck, fick g\u00e5 hem med en hiskelig massa ordrar kvar i inkorgen. Jag sparade p\u00e5 krafterna f\u00f6r att ha ork kvar att ta mig till Stockholm och forts\u00e4tta arbetet med de nya st\u00e4mplarna.<\/span><\/span><\/div>\n<div><span class=\"Apple-style-span\"  style=\"font-family:georgia;\"><span class=\"Apple-style-span\" style=\"font-size: small;\"><br \/><\/span><\/span><\/div>\n<div><span class=\"Apple-style-span\"  style=\"font-family:georgia;\"><span class=\"Apple-style-span\" style=\"font-size: small;\"><br \/><\/span><\/span><\/div>\n<div><span class=\"Apple-style-span\"  style=\"font-family:georgia;\"><span class=\"Apple-style-span\" style=\"font-size: small;\">S\u00e5 nu sitter vi h\u00e4r, p\u00e5 ett kontor p\u00e5 12:e v\u00e5ningen p\u00e5 S\u00f6der, och jobbar som sm\u00e5 kr\u00e4k.<\/span><\/span><\/div>\n<div><span class=\"Apple-style-span\"  style=\"font-family:georgia;\"><span class=\"Apple-style-span\" style=\"font-size: small;\"><br \/><\/span><\/span><\/div>\n<div><span class=\"Apple-style-span\"  style=\"font-family:georgia;\"><span class=\"Apple-style-span\" style=\"font-size: small;\">Bifogar \u00e4ven n\u00e5gra bildbevis och p\u00e5 bilden av ET s\u00e5 kan ni skymta n\u00e5gra av de kommande motiven.<\/span><\/span><\/div>\n<div><span class=\"Apple-style-span\"  style=\"font-family:georgia;\"><span class=\"Apple-style-span\" style=\"font-size: small;\"><br \/><\/span><\/span><\/div>\n<div><span class=\"Apple-style-span\"  style=\"font-family:georgia;\"><span class=\"Apple-style-span\" style=\"font-size: small;\">Trevlig helg d\u00e4r ute!<\/span><\/span><\/div>\n<div><span class=\"Apple-style-span\"  style=\"font-family:georgia;\"><span class=\"Apple-style-span\" style=\"font-size: small;\">Joanna &amp; ET<\/span><\/span><\/div>\n<div><span class=\"Apple-style-span\"  style=\"font-family:georgia;\"><span class=\"Apple-style-span\" style=\"font-size: small;\"><img decoding=\"async\" style=\"cursor:pointer; cursor:hand;width: 400px; height: 300px;\" src=\"http:\/\/2.bp.blogspot.com\/_YD1YG2zMYv4\/S22stOFORpI\/AAAAAAAAAEo\/0L7lhcqCEb0\/s400\/os_joanna.jpg\" border=\"0\" alt=\"\" id=\"BLOGGER_PHOTO_ID_5435190218180150930\" \/><\/span><\/span><\/div>\n<div><span class=\"Apple-style-span\"  style=\"font-family:georgia;\"><span class=\"Apple-style-span\" style=\"font-size: small;\">Ovan: Joanna<\/span><\/span><\/div>\n<div><span class=\"Apple-style-span\"  style=\"font-family:georgia;\"><span class=\"Apple-style-span\" style=\"font-size: small;\">Nedan: ET, med n\u00e5gra av de kommande motiven h\u00e4ngandes p\u00e5 v\u00e4ggen bredvid sig.<\/span><\/span><\/div>\n<div><span class=\"Apple-style-span\"  style=\"font-family:georgia;\"><span class=\"Apple-style-span\" style=\"font-size: small;\"><br \/><\/span><\/span><\/div>\n<div><img decoding=\"async\" style=\"float:left; margin:0 10px 10px 0;cursor:pointer; cursor:hand;width: 400px; height: 300px;\" src=\"http:\/\/3.bp.blogspot.com\/_YD1YG2zMYv4\/S22sT6TULcI\/AAAAAAAAAEg\/gQIq2DBYWbo\/s400\/os_et.jpg\" border=\"0\" alt=\"\" id=\"BLOGGER_PHOTO_ID_5435189783373819330\" \/><\/div>\n<div><span class=\"Apple-style-span\"  style=\"font-family:georgia;\"><span class=\"Apple-style-span\" style=\"font-size: small;\"><br \/><\/span><\/span><\/div>\n<div><span class=\"Apple-style-span\"  style=\"font-family:georgia;\"><span class=\"Apple-style-span\" style=\"font-size: small;\"><br \/><\/span><\/span><\/div>\n<div><span class=\"Apple-style-span\"  style=\"font-family:georgia;\"><span class=\"Apple-style-span\" style=\"font-size: small;\"><br \/><\/span><\/span><\/div>\n<div><\/div>\n","protected":false},"excerpt":{"rendered":"<p>Jomen, d\u00e5 \u00e4r vi p\u00e5 v\u00e4g. Som ni s\u00e4kert vet firar October Stamps 10 \u00e5r i \u00e5r. Mycket har h\u00e4nt under \u00e5ren och tankarna p\u00e5 att l\u00e4gga av har ju florerat b\u00e5de en och tv\u00e5 g\u00e5nger. Men det k\u00e4nns sv\u00e5rt att l\u00e4gga av. S\u00e5 vi best\u00e4mde ju oss att satsa p\u00e5 det vi alltid tyckt [&hellip;]<\/p>\n","protected":false},"author":1,"featured_media":0,"comment_status":"open","ping_status":"open","sticky":false,"template":"","format":"standard","meta":{"ngg_post_thumbnail":0,"footnotes":""},"categories":[16],"tags":[33,25],"class_list":["post-27","post","type-post","status-publish","format-standard","hentry","category-octoberstamps","tag-nya-motiv","tag-verksamhet"],"_links":{"self":[{"href":"https:\/\/frokenparaiso.se\/index.php?rest_route=\/wp\/v2\/posts\/27","targetHints":{"allow":["GET"]}}],"collection":[{"href":"https:\/\/frokenparaiso.se\/index.php?rest_route=\/wp\/v2\/posts"}],"about":[{"href":"https:\/\/frokenparaiso.se\/index.php?rest_route=\/wp\/v2\/types\/post"}],"author":[{"embeddable":true,"href":"https:\/\/frokenparaiso.se\/index.php?rest_route=\/wp\/v2\/users\/1"}],"replies":[{"embeddable":true,"href":"https:\/\/frokenparaiso.se\/index.php?rest_route=%2Fwp%2Fv2%2Fcomments&post=27"}],"version-history":[{"count":1,"href":"https:\/\/frokenparaiso.se\/index.php?rest_route=\/wp\/v2\/posts\/27\/revisions"}],"predecessor-version":[{"id":105,"href":"https:\/\/frokenparaiso.se\/index.php?rest_route=\/wp\/v2\/posts\/27\/revisions\/105"}],"wp:attachment":[{"href":"https:\/\/frokenparaiso.se\/index.php?rest_route=%2Fwp%2Fv2%2Fmedia&parent=27"}],"wp:term":[{"taxonomy":"category","embeddable":true,"href":"https:\/\/frokenparaiso.se\/index.php?rest_route=%2Fwp%2Fv2%2Fcategories&post=27"},{"taxonomy":"post_tag","embeddable":true,"href":"https:\/\/frokenparaiso.se\/index.php?rest_route=%2Fwp%2Fv2%2Ftags&post=27"}],"curies":[{"name":"wp","href":"https:\/\/api.w.org\/{rel}","templated":true}]}}