{"id":30,"date":"2010-04-01T06:25:00","date_gmt":"2010-04-01T04:25:00","guid":{"rendered":"http:\/\/frokenparaiso.se\/?p=30"},"modified":"2010-06-30T08:49:50","modified_gmt":"2010-06-30T06:49:50","slug":"april-april","status":"publish","type":"post","link":"https:\/\/frokenparaiso.se\/?p=30","title":{"rendered":"April, april\u2026"},"content":{"rendered":"<p><a onblur=\"try {parent.deselectBloggerImageGracefully();} catch(e) {}\" href=\"http:\/\/2.bp.blogspot.com\/_YD1YG2zMYv4\/S7RB9Pk3T5I\/AAAAAAAAAFo\/BUbna2VvVSs\/s1600\/132659g_ex1.jpg\" rel=\"lightbox[30]\"><img decoding=\"async\" style=\"float:left; margin:0 10px 10px 0;cursor:pointer; cursor:hand;width: 214px; height: 320px;\" src=\"http:\/\/2.bp.blogspot.com\/_YD1YG2zMYv4\/S7RB9Pk3T5I\/AAAAAAAAAFo\/BUbna2VvVSs\/s320\/132659g_ex1.jpg\" border=\"0\" alt=\"\" id=\"BLOGGER_PHOTO_ID_5455057569061490578\" \/><\/a>Kan man g\u00f6ra s\u00e5, att man innan s\u00e4ger att man skall sl\u00e4ppa st\u00e4mplar idag, och sen idag s\u00e4ger \u201dapril, april\u201d? Konstigt. Men, \u00e5 andra sidan  \u00e4r det ju inte aktuellt eftersom det faktiskt ligger 28 nya motiv p\u00e5 hemsidan. N\u00e5gra \u00e4r fortfarande utan \u201ddemobild\u201d, men det f\u00e5r jag bita tag i en annan dag. <\/p>\n<div><\/div>\n<div>Efter att ha st\u00e5tt de h\u00e4r dagarna och st\u00e4mplat som en liten brun m\u00e5ste jag erk\u00e4nna att jag \u00e4r barnsligt f\u00f6rtjust i samma dynor som f\u00f6rr. I princip anv\u00e4nder jag bara Chalks (Cat&#8217;s Eye) och Adirondack. \u00c5ss\u00e5 inser jag att jag inte har n\u00e5gon inspiration alls till att g\u00f6ra kort. Allts\u00e5 kort-kort. N\u00e4r ATC blev popul\u00e4rt f\u00f6r fyra tusen \u00e5r sen blev jag k\u00e4r direkt. Jag var till och med medlem i n\u00e5gra bytarklubbar. Ni som vet, finns det fortfarande s\u00e5dant? Det \u00e4r v\u00e4l ingen m\u00e4nniska som har tid att administrera s\u00e5dant idag, eller? Det \u00e4r ju framf\u00f6r allt s\u00e5 roligt att f\u00e5 annan post \u00e4n r\u00e4kningar och pensionsbesked. <\/div>\n<div><\/div>\n<div>Ett ATC kan ju fungera som ett helt kort, som p\u00e5 bilden. R\u00e4cker gott som ett grattiskort i en blomma eller p\u00e5 ett paket. Eller varf\u00f6r inte g\u00f6ra artistiska visitkort. Har man ingen st\u00e4mpel med namn och adress s\u00e5 kan man faktiskt g\u00f6ra det s\u00e5 enkelt s\u00e5 man skriver ut vita sj\u00e4lvh\u00e4ftande etiketter. Antingen dekorerar men den med eller s\u00e5 g\u00f6r man en snygg framsida och s\u00e4tter etiketten p\u00e5 baksidan. Det \u00e4r v\u00e4l inget mottagaren g\u00e5r omkring med i pl\u00e5nboken, men det finns ganska stor chans att den kanske hamnar p\u00e5 skrivbordet eller en anslagstavla och st\u00e4ndigt p\u00e5minner om din existens. Jag har en massa ATC, fr\u00e5n bytestiden, i en p\u00e4rm. Den brukar jag g\u00e5 och bl\u00e4ddra i med oj\u00e4mna mellanrum. Trots att det \u00e4r s\u00e5 lite yta s\u00e5 ger det v\u00e4ldigt mycket inspiration. Tags \u00e4r ju inte heller dumt&#8230;<\/div>\n<div><\/div>\n<div>Okej, jag skall sluta vara nostalgisk och ist\u00e4llet \u00f6nska dig hj\u00e4rtligt v\u00e4lkommen till den <a href=\"http:\/\/www.octoberstamps.se\">\u201dnya\u201d hemsidan<\/a> \u2013same, same b\u00f6tt different. Jag hoppas det skall smaka. <\/div>\n<div><\/div>\n<div>Sol i sinne!<\/div>\n","protected":false},"excerpt":{"rendered":"<p>Kan man g\u00f6ra s\u00e5, att man innan s\u00e4ger att man skall sl\u00e4ppa st\u00e4mplar idag, och sen idag s\u00e4ger \u201dapril, april\u201d? Konstigt. Men, \u00e5 andra sidan \u00e4r det ju inte aktuellt eftersom det faktiskt ligger 28 nya motiv p\u00e5 hemsidan. N\u00e5gra \u00e4r fortfarande utan \u201ddemobild\u201d, men det f\u00e5r jag bita tag i en annan dag. Efter [&hellip;]<\/p>\n","protected":false},"author":1,"featured_media":0,"comment_status":"open","ping_status":"open","sticky":false,"template":"","format":"standard","meta":{"ngg_post_thumbnail":0,"footnotes":""},"categories":[16],"tags":[33],"class_list":["post-30","post","type-post","status-publish","format-standard","hentry","category-octoberstamps","tag-nya-motiv"],"_links":{"self":[{"href":"https:\/\/frokenparaiso.se\/index.php?rest_route=\/wp\/v2\/posts\/30","targetHints":{"allow":["GET"]}}],"collection":[{"href":"https:\/\/frokenparaiso.se\/index.php?rest_route=\/wp\/v2\/posts"}],"about":[{"href":"https:\/\/frokenparaiso.se\/index.php?rest_route=\/wp\/v2\/types\/post"}],"author":[{"embeddable":true,"href":"https:\/\/frokenparaiso.se\/index.php?rest_route=\/wp\/v2\/users\/1"}],"replies":[{"embeddable":true,"href":"https:\/\/frokenparaiso.se\/index.php?rest_route=%2Fwp%2Fv2%2Fcomments&post=30"}],"version-history":[{"count":1,"href":"https:\/\/frokenparaiso.se\/index.php?rest_route=\/wp\/v2\/posts\/30\/revisions"}],"predecessor-version":[{"id":108,"href":"https:\/\/frokenparaiso.se\/index.php?rest_route=\/wp\/v2\/posts\/30\/revisions\/108"}],"wp:attachment":[{"href":"https:\/\/frokenparaiso.se\/index.php?rest_route=%2Fwp%2Fv2%2Fmedia&parent=30"}],"wp:term":[{"taxonomy":"category","embeddable":true,"href":"https:\/\/frokenparaiso.se\/index.php?rest_route=%2Fwp%2Fv2%2Fcategories&post=30"},{"taxonomy":"post_tag","embeddable":true,"href":"https:\/\/frokenparaiso.se\/index.php?rest_route=%2Fwp%2Fv2%2Ftags&post=30"}],"curies":[{"name":"wp","href":"https:\/\/api.w.org\/{rel}","templated":true}]}}