{"id":508,"date":"2011-07-13T08:10:03","date_gmt":"2011-07-13T06:10:03","guid":{"rendered":"http:\/\/frokenparaiso.se\/?p=508"},"modified":"2011-07-09T21:46:57","modified_gmt":"2011-07-09T19:46:57","slug":"icon","status":"publish","type":"post","link":"https:\/\/frokenparaiso.se\/?p=508","title":{"rendered":"Icon"},"content":{"rendered":"<p>H\u00e4r kommer ett kort med den superl\u00e4ckra <a href=\"http:\/\/octoberstamps.se\/shop\/?artnr=129-693j-ez&amp;cat_id=44\" target=\"_blank\">Icon<\/a>, i mitt tycke en st\u00e4mpel som passar till det mesta. H\u00e4r har jag gjort ett vintageinspirerat kort med murriga f\u00e4rger, ruggade kanter och band+ spets. St\u00e4mpeln f\u00e4rglade jag med torrchalks f\u00f6r att f\u00e5 den lite \u00e5ldrade k\u00e4nslan och de mjuka f\u00e4rgerna. Att det dessutom g\u00e5r snabbt att f\u00e4rgl\u00e4gga med dem passar en snabbpysslare som mig!<\/p>\n<figure id=\"attachment_509\" aria-describedby=\"caption-attachment-509\" style=\"width: 400px\" class=\"wp-caption alignnone\"><a href=\"http:\/\/media.frokenparaiso.se\/2011\/07\/wp-2011-06-os-skisskort1.jpg\" rel=\"lightbox[508]\"><img loading=\"lazy\" decoding=\"async\" class=\"size-full wp-image-509\" title=\"wp-2011-06-os-skisskort1\" src=\"http:\/\/media.frokenparaiso.se\/2011\/07\/wp-2011-06-os-skisskort1.jpg\" alt=\"\" width=\"400\" height=\"405\" srcset=\"https:\/\/frokenparaiso.se\/wp-content\/uploads\/2011\/07\/wp-2011-06-os-skisskort1.jpg 400w, https:\/\/frokenparaiso.se\/wp-content\/uploads\/2011\/07\/wp-2011-06-os-skisskort1-100x100.jpg 100w, https:\/\/frokenparaiso.se\/wp-content\/uploads\/2011\/07\/wp-2011-06-os-skisskort1-296x300.jpg 296w\" sizes=\"auto, (max-width: 400px) 100vw, 400px\" \/><\/a><figcaption id=\"caption-attachment-509\" class=\"wp-caption-text\">Vintageinspirerat kort<\/figcaption><\/figure>\n<p>&nbsp;<\/p>\n<p>\/DesignAnnique<\/p>\n","protected":false},"excerpt":{"rendered":"<p>H\u00e4r kommer ett kort med den superl\u00e4ckra Icon, i mitt tycke en st\u00e4mpel som passar till det mesta. H\u00e4r har jag gjort ett vintageinspirerat kort med murriga f\u00e4rger, ruggade kanter och band+ spets. St\u00e4mpeln f\u00e4rglade jag med torrchalks f\u00f6r att f\u00e5 den lite \u00e5ldrade k\u00e4nslan och de mjuka f\u00e4rgerna. Att det dessutom g\u00e5r snabbt att [&hellip;]<\/p>\n","protected":false},"author":2,"featured_media":0,"comment_status":"open","ping_status":"open","sticky":false,"template":"","format":"standard","meta":{"ngg_post_thumbnail":0,"footnotes":""},"categories":[16],"tags":[73],"class_list":["post-508","post","type-post","status-publish","format-standard","hentry","category-octoberstamps","tag-designannique"],"_links":{"self":[{"href":"https:\/\/frokenparaiso.se\/index.php?rest_route=\/wp\/v2\/posts\/508","targetHints":{"allow":["GET"]}}],"collection":[{"href":"https:\/\/frokenparaiso.se\/index.php?rest_route=\/wp\/v2\/posts"}],"about":[{"href":"https:\/\/frokenparaiso.se\/index.php?rest_route=\/wp\/v2\/types\/post"}],"author":[{"embeddable":true,"href":"https:\/\/frokenparaiso.se\/index.php?rest_route=\/wp\/v2\/users\/2"}],"replies":[{"embeddable":true,"href":"https:\/\/frokenparaiso.se\/index.php?rest_route=%2Fwp%2Fv2%2Fcomments&post=508"}],"version-history":[{"count":6,"href":"https:\/\/frokenparaiso.se\/index.php?rest_route=\/wp\/v2\/posts\/508\/revisions"}],"predecessor-version":[{"id":528,"href":"https:\/\/frokenparaiso.se\/index.php?rest_route=\/wp\/v2\/posts\/508\/revisions\/528"}],"wp:attachment":[{"href":"https:\/\/frokenparaiso.se\/index.php?rest_route=%2Fwp%2Fv2%2Fmedia&parent=508"}],"wp:term":[{"taxonomy":"category","embeddable":true,"href":"https:\/\/frokenparaiso.se\/index.php?rest_route=%2Fwp%2Fv2%2Fcategories&post=508"},{"taxonomy":"post_tag","embeddable":true,"href":"https:\/\/frokenparaiso.se\/index.php?rest_route=%2Fwp%2Fv2%2Ftags&post=508"}],"curies":[{"name":"wp","href":"https:\/\/api.w.org\/{rel}","templated":true}]}}